{"id":6115,"date":"2025-10-05T21:36:46","date_gmt":"2025-10-05T21:36:46","guid":{"rendered":"https:\/\/www.estilodevida.com.do\/el-portillo-real-estate\/"},"modified":"2025-10-05T21:44:45","modified_gmt":"2025-10-05T21:44:45","slug":"el-portillo-real-estate","status":"publish","type":"post","link":"https:\/\/www.estilodevida.com.do\/fr\/el-portillo-real-estate\/","title":{"rendered":"El Portillo : l\u00e0 o\u00f9 les eaux turquoise rencontrent l&rsquo;art de vivre"},"content":{"rendered":"\n<p>Imaginer El Portillo, c&rsquo;est penser \u00e0 des eaux cristallines, du sable blanc bord\u00e9 de cocotiers et une douce brise qui caresse la peau. Tout cela se vit pleinement dans un coin paradisiaque de la c\u00f4te nord de la R\u00e9publique dominicaine, o\u00f9 la mer et le vent font partie int\u00e9grante de votre quotidien. <\/p>\n\n<figure class=\"wp-block-image size-full\"><img decoding=\"async\" width=\"1600\" height=\"1100\" src=\"https:\/\/www.estilodevida.com.do\/wp-content\/uploads\/2025\/10\/El-Portillo.jpg\" alt=\"\" class=\"wp-image-6107\"\/><\/figure>\n\n<div style=\"height:20px\" aria-hidden=\"true\" class=\"wp-block-spacer\"><\/div>\n\n<h2 class=\"wp-block-heading\">Un paradis pour les sports nautiques<\/h2>\n\n<p>El Portillo s&rsquo;est impos\u00e9 comme l&rsquo;une des destinations les plus pris\u00e9es des Cara\u00efbes pour pratiquer le <strong>kitesurf \u00e0 Las Terrenas<\/strong> et d&rsquo;autres sports nautiques. Ses aliz\u00e9s constants, son lagon peu profond et la protection naturelle offerte par le r\u00e9cif cr\u00e9ent un environnement s\u00fbr et spectaculaire. <\/p>\n\n<ul class=\"wp-block-list\">\n<li><strong>Kitesurf :<\/strong> depuis votre premier <em>waterstart <\/em>jusqu&rsquo;\u00e0 la ma\u00eetrise des sauts et des transitions, El Portillo vous offre un espace ouvert et des vents constants pour apprendre sans stress.<\/li>\n\n\n\n<li><strong>Wingfoil : <\/strong>eaux calmes et turquoise, vent doux et libert\u00e9 totale. El Portillo est id\u00e9al pour les d\u00e9butants, tandis que les riders plus avanc\u00e9s appr\u00e9cient de planer sur la mer sans limites. <\/li>\n<\/ul>\n\n<p>\u00c0 l&rsquo;\u00e9cole <strong>Estilo de Vida Kitesurf School<\/strong>, chaque cours devient une exp\u00e9rience inoubliable, empreinte de passion, de s\u00e9curit\u00e9 et de professionnalisme.<\/p>\n\n<div style=\"height:20px\" aria-hidden=\"true\" class=\"wp-block-spacer\"><\/div>\n\n<hr class=\"wp-block-separator has-alpha-channel-opacity\"\/>\n\n<div style=\"height:20px\" aria-hidden=\"true\" class=\"wp-block-spacer\"><\/div>\n\n<h2 class=\"wp-block-heading\">Plus qu&rsquo;un spot publicitaire, un style de vie<\/h2>\n\n<p>El Portillo n&rsquo;est pas seulement synonyme de sport, c&rsquo;est aussi un style de vie. \u00c0 quelques pas de la plage, <strong>El Portillo Real Estate RD<\/strong> vous invite \u00e0 d\u00e9couvrir des villas uniques alliant nature et \u00e9l\u00e9gance : <\/p>\n\n<ul class=\"wp-block-list\">\n<li>R\u00e9sidences en bord de mer, o\u00f9 l&rsquo;oc\u00e9an est votre jardin.<\/li>\n\n\n\n<li>Villas tropicales avec jardins luxuriants et piscines priv\u00e9es.<\/li>\n\n\n\n<li>Maisons modernes de style carib\u00e9en avec vue sur la mer.<\/li>\n<\/ul>\n\n<p>Ici, sport et art de vivre ne font qu&rsquo;un : lever du soleil en <strong>kitesurf \u00e0 Las Terrenas<\/strong>, apr\u00e8s-midi tranquille au bord de la piscine priv\u00e9e et nuits berc\u00e9es par le bruit des vagues.<\/p>\n\n<div style=\"height:20px\" aria-hidden=\"true\" class=\"wp-block-spacer\"><\/div>\n\n<hr class=\"wp-block-separator has-alpha-channel-opacity\"\/>\n\n<div style=\"height:20px\" aria-hidden=\"true\" class=\"wp-block-spacer\"><\/div>\n\n<h2 class=\"wp-block-heading\">Bienvenue \u00e0 El Portillo<\/h2>\n\n<p>Que vous recherchiez un cours de kitesurf, une escapade tropicale ou votre future maison, Portillo a tout pour vous satisfaire. Cet endroit est plus qu&rsquo;une simple destination : c&rsquo;est un paradis o\u00f9 le sport, la nature et l&rsquo;\u00e9l\u00e9gance cohabitent en harmonie. <\/p>\n\n<p>Venez vivre une exp\u00e9rience qui transformera votre mode de vie pour toujours.<\/p>\n\n<p><a href=\"https:\/\/elportillord.com\/fr\/\" data-type=\"link\" data-id=\"https:\/\/elportillord.com\/es\/\" rel=\"noopener\"><strong>Bienvenue chez El Portillo Real Estate RD<\/strong><\/a><\/p>\n","protected":false},"excerpt":{"rendered":"<p>Imaginer El Portillo, c&rsquo;est penser \u00e0 des eaux cristallines, du sable blanc bord\u00e9 de cocotiers et une douce brise qui caresse la peau. Tout cela se vit pleinement dans un coin paradisiaque de la c\u00f4te nord de la R\u00e9publique dominicaine, o\u00f9 la mer et le vent font partie int\u00e9grante de votre quotidien. Un paradis pour [&hellip;]<\/p>\n","protected":false},"author":5,"featured_media":6109,"comment_status":"open","ping_status":"open","sticky":false,"template":"","format":"standard","meta":{"_et_pb_use_builder":"off","_et_pb_old_content":"","_et_gb_content_width":"","footnotes":""},"categories":[187],"tags":[],"class_list":["post-6115","post","type-post","status-publish","format-standard","has-post-thumbnail","hentry","category-las-terrenas-fr"],"_links":{"self":[{"href":"https:\/\/www.estilodevida.com.do\/fr\/wp-json\/wp\/v2\/posts\/6115","targetHints":{"allow":["GET"]}}],"collection":[{"href":"https:\/\/www.estilodevida.com.do\/fr\/wp-json\/wp\/v2\/posts"}],"about":[{"href":"https:\/\/www.estilodevida.com.do\/fr\/wp-json\/wp\/v2\/types\/post"}],"author":[{"embeddable":true,"href":"https:\/\/www.estilodevida.com.do\/fr\/wp-json\/wp\/v2\/users\/5"}],"replies":[{"embeddable":true,"href":"https:\/\/www.estilodevida.com.do\/fr\/wp-json\/wp\/v2\/comments?post=6115"}],"version-history":[{"count":0,"href":"https:\/\/www.estilodevida.com.do\/fr\/wp-json\/wp\/v2\/posts\/6115\/revisions"}],"wp:featuredmedia":[{"embeddable":true,"href":"https:\/\/www.estilodevida.com.do\/fr\/wp-json\/wp\/v2\/media\/6109"}],"wp:attachment":[{"href":"https:\/\/www.estilodevida.com.do\/fr\/wp-json\/wp\/v2\/media?parent=6115"}],"wp:term":[{"taxonomy":"category","embeddable":true,"href":"https:\/\/www.estilodevida.com.do\/fr\/wp-json\/wp\/v2\/categories?post=6115"},{"taxonomy":"post_tag","embeddable":true,"href":"https:\/\/www.estilodevida.com.do\/fr\/wp-json\/wp\/v2\/tags?post=6115"}],"curies":[{"name":"wp","href":"https:\/\/api.w.org\/{rel}","templated":true}]}}